{"id":5341,"date":"2024-01-12T16:06:21","date_gmt":"2024-01-12T15:06:21","guid":{"rendered":"https:\/\/faca.com.ng\/web\/2024\/01\/12\/read_news-phpnid50090\/"},"modified":"2024-01-12T16:06:21","modified_gmt":"2024-01-12T15:06:21","slug":"read_news-phpnid50090","status":"publish","type":"post","link":"https:\/\/faca.com.ng\/web\/2024\/01\/12\/read_news-phpnid50090\/","title":{"rendered":"&#8216;We rejoiced too quickly&#8217; &#8211; OGC Nice coach reacts to Moffi&#8217;s late inclusion in Nigeria&#8217;s final AFCON squad\u00a0"},"content":{"rendered":"<p> <br \/>\n<\/p>\n<div id=\"newsbody\">\n<p>                    <img decoding=\"async\" src=\"http:\/\/www.allnigeriasoccer.com\/..\/football_pics\/37274Moffi.png\" height=\"227\" hspace=\"8\" vspace=\"8\" alt=\"'We rejoiced too quickly' - OGC Nice coach reacts to Moffi's late inclusion in Nigeria's final AFCON squad\u00a0\" align=\"left\" \/><\/p>\n<p>Coach Francesco Farioli has confessed that OGC Nice\u00a0prematurely celebrated the initial omission of Terem Moffi from Nigeria&#8217;s Africa Cup of Nations and has admitted that it would be difficult replacing the striker while he&#8217;s away on international duty in\u00a0C\u00f4te d&#8217;Ivoire.\u00a0<\/p>\n<p>\u00a0<\/p>\n<p>Bayer Leverkusen sensation Victor Boniface was initially expected to participate in the Africa Cup of Nations but was forced to withdraw from the squad after suffering a groin injury during Nigeria&#8217;s training camp in Abu Dhabi, United Arab Emirates.<\/p>\n<p>\u00a0<\/p>\n<p>The Nigeria Football Federation, in conjunction with manager Jose Peseiro, quickly handed a call-up to Moffi as a replacement for Boniface.\u00a0<\/p>\n<p>\u00a0<\/p>\n<p>Moffi will link up with the Nigeria squad in\u00a0C\u00f4te d&#8217;Ivoire\u00a0after Nice&#8217;s Ligue 1 meeting with Rennes, meaning it is highly unlikely he will be named in the matchday squad to face Equatorial Guinea on Sunday, January 14.<\/p>\n<p>\u00a0<\/p>\n<p>Speaking at the pre-match press conference before the visit to\u00a0Roazhon Park (Rennes),\u00a0Farioli told reporters: &#8220;We rejoiced too quickly (for Moffi). With the injured player in the Nigerian squad there was the need to call up a new player.\u00a0<\/p>\n<p>\u00a0<\/p>\n<p>&#8220;I said before the match against Auxerre that Moffi would have loved to represent his country. So we are happy for him. This is a problem for us.\u00a0<\/p>\n<p>&#13;<br \/>\n&#8220;He will stay focused (against Rennes on Saturday), he still has a match to play with Nice, that&#8217;s the most important thing.<\/p>\n<p>&#13;<br \/>\n&#8220;We will have to find solutions for the following matches, replacing Terem is not easy given what he brings us in all phases of the game.&#8221;<\/p>\n<p>\u00a0<\/p>\n<p>Farioli went on to reveal that Moffi&#8217;s\u00a0heart is divided between playing for OGC Nice and joining his international teammates in Ivory Coast for the Africa Cup of Nations.\u00a0<\/p>\n<p>\u00a0<\/p>\n<p>He continued: &#8220;But for now he is there and will respond. I am sure that (Saturday) he will bring us as much as usual. His heart is divided in two.<\/p>\n<p>&#13;<br \/>\n&#8220;On one side there is his selection, but on the other side his heart is Nice. And I am sure that he will give us even more than usual because he will want to leave us with good memories, before focusing on the CAN with his selection.<\/p>\n<p>&#13;<br \/>\n&#8220;And when he comes back he will refocus on Nice and the team&#8217;s objectives&#8221;.<\/p>\n<p>\u00a0<\/p>\n<p>With 6 goals in sixteen matches, Moffi is Nice&#8217;s top scorer in the French Ligue 1, ahead of J\u00e9r\u00e9mie Boga and Ga\u00ebtan Laborde who have scored three goals each.<\/p>\n<p>\u00a0<\/p>\n<p>\u00a0<\/p>\n<p>\u00a0<\/p>\n<p>Ifeanyi Emmanuel\u00a0<\/p>\n<p>\u00a0<\/p>\n<p>\u00a0<\/p>\n<p>\u00a0<\/p>\n<p><strong>Copyright ANS<\/strong><\/p>\n<p>&#13;<br \/>\nAll rights reserved. This material, and other digital content on this website, may not be reproduced, published, rewritten or redistributed in whole or in part without prior express written permission from allnigeriasoccer.com<\/p>\n<\/p><\/div>\n<p><br \/>\n<br \/><a href=\"http:\/\/www.allnigeriasoccer.com\/read_news.php?nid=50090\">Source link <\/a><\/p>\n","protected":false},"excerpt":{"rendered":"<p>Coach Francesco Farioli has confessed that OGC Nice\u00a0prematurely celebrated the initial omission of Terem Moffi from Nigeria&#8217;s Africa Cup of Nations and has admitted that it would be difficult replacing the striker while he&#8217;s away on international duty in\u00a0C\u00f4te d&#8217;Ivoire.\u00a0 \u00a0 Bayer Leverkusen sensation Victor Boniface was initially expected to participate in the Africa Cup [&hellip;]<\/p>\n","protected":false},"author":1,"featured_media":5342,"comment_status":"open","ping_status":"open","sticky":false,"template":"","format":"standard","meta":{"footnotes":""},"categories":[32],"tags":[],"class_list":["post-5341","post","type-post","status-publish","format-standard","has-post-thumbnail","hentry","category-news"],"_links":{"self":[{"href":"https:\/\/faca.com.ng\/web\/wp-json\/wp\/v2\/posts\/5341","targetHints":{"allow":["GET"]}}],"collection":[{"href":"https:\/\/faca.com.ng\/web\/wp-json\/wp\/v2\/posts"}],"about":[{"href":"https:\/\/faca.com.ng\/web\/wp-json\/wp\/v2\/types\/post"}],"author":[{"embeddable":true,"href":"https:\/\/faca.com.ng\/web\/wp-json\/wp\/v2\/users\/1"}],"replies":[{"embeddable":true,"href":"https:\/\/faca.com.ng\/web\/wp-json\/wp\/v2\/comments?post=5341"}],"version-history":[{"count":0,"href":"https:\/\/faca.com.ng\/web\/wp-json\/wp\/v2\/posts\/5341\/revisions"}],"wp:featuredmedia":[{"embeddable":true,"href":"https:\/\/faca.com.ng\/web\/wp-json\/wp\/v2\/media\/5342"}],"wp:attachment":[{"href":"https:\/\/faca.com.ng\/web\/wp-json\/wp\/v2\/media?parent=5341"}],"wp:term":[{"taxonomy":"category","embeddable":true,"href":"https:\/\/faca.com.ng\/web\/wp-json\/wp\/v2\/categories?post=5341"},{"taxonomy":"post_tag","embeddable":true,"href":"https:\/\/faca.com.ng\/web\/wp-json\/wp\/v2\/tags?post=5341"}],"curies":[{"name":"wp","href":"https:\/\/api.w.org\/{rel}","templated":true}]}}