{"id":4584,"date":"2023-12-01T09:10:17","date_gmt":"2023-12-01T08:10:17","guid":{"rendered":"https:\/\/faca.com.ng\/web\/2023\/12\/01\/read_news-phpnid49634\/"},"modified":"2023-12-01T09:10:17","modified_gmt":"2023-12-01T08:10:17","slug":"read_news-phpnid49634","status":"publish","type":"post","link":"https:\/\/faca.com.ng\/web\/2023\/12\/01\/read_news-phpnid49634\/","title":{"rendered":"Watch: Gift Orban among four contenders for UEFA Europa Conference League Goal of the Week"},"content":{"rendered":"<p> <br \/>\n<\/p>\n<div id=\"newsbody\">\n<p>                    <img decoding=\"async\" src=\"http:\/\/www.allnigeriasoccer.com\/..\/football_pics\/53350GiftOrban.png\" height=\"240\" hspace=\"8\" vspace=\"8\" alt=\" Watch: Gift Orban among four contenders for UEFA Europa Conference League Goal of the Week\" align=\"left\" \/><\/p>\n<p>2023 Super Eagles invitee Gift Orban has been nominated for the UEFA Europa Conference League Goal of the Week for matchday five.\u00a0<\/p>\n<p>&#13;<br \/>\nThe 21-year-old scored a sumptuous goal in Gent&#8217;s 4-1 victory over Zorya Lugansk at the Ghelamco Arena on Thursday night.<\/p>\n<p>&#13;<br \/>\nFive minutes before the hour mark in the encounter, the diminutive striker got a cross from right-back Noah Fadiga, controlled the ball and put it beyond the reach of the goalkeeper.<\/p>\n<p>\u00a0<\/p>\n<p>He is set to battle Aleksandar Pe\u0161i\u0107 who scored with a stunning strike for Ferencv\u00e1ros in their 2-1\u00a0win over FK \u010cukari\u010dk, \u00a0Club Brugge midfielder Casper Nielsen and Aberdeen defender \u00a0Angus MacDonald for the award.<\/p>\n<p>&#13;<br \/>\nWhile Orban has failed to hit his strides in the Jupiler Pro League, he has continued his impressive goalscoring form in the Conference League.<\/p>\n<p>&#13;<br \/>\nHe is the joint top scorer of the competition this season with 5 goals in five games, the same as Benjamin Nygren of Nordsj\u00e6lland.<\/p>\n<p>&#13;<br \/>\nHis strike yesterday also made him equal Cyriel Dessers&#8217; tally of \u00a010 goals in the tournament and move two behind Arthur Cabral, the all-time top scorer.<\/p>\n<p>&#13;<br \/>\nWith Gent securing their place in the next round, the diminutive striker could surpass Cabral&#8217;s number of goals in the competition before the end of the season.<\/p>\n<p>\u00a0<\/p>\n<p>Watch the goals scored by the four contenders for the UECL Goal of the Week below:\u00a0<\/p>\n<p>\u00a0<\/p>\n<div class=\"embeddedContent oembed-provider- oembed-provider-twitter\" data-align=\"none\" data-oembed=\"https:\/\/twitter.com\/europacnfleague\/status\/1730371776675299499\" data-oembed_provider=\"twitter\" data-resizetype=\"noresize\" data-title=\"m\">\n<blockquote class=\"twitter-tweet\"><p>&#13;<\/p>\n<p dir=\"ltr\" lang=\"en\" xml:lang=\"en\">MacDonald\u2019s screamer \ud83d\ude31<br \/>&#13;<br \/>\nOrban\u2019s touch and finish \ud83d\udca5<br \/>&#13;<br \/>\nNielsen with a swerving strike! \ud83c\udf2a\ufe0f<br \/>&#13;<br \/>\nPe\u0161i\u0107 on the swivel \ud83d\udd25<\/p>\n<p>Four incredible goals, but who does your vote go to? \ud83d\udc47<a target=\"_blank\" href=\"https:\/\/twitter.com\/Heineken?ref_src=twsrc%5Etfw\" rel=\"noopener\">@Heineken<\/a> || <a target=\"_blank\" href=\"https:\/\/twitter.com\/hashtag\/UECLGOTW?src=hash&amp;ref_src=twsrc%5Etfw\" rel=\"noopener\">#UECLGOTW<\/a> || <a target=\"_blank\" href=\"https:\/\/twitter.com\/hashtag\/UECL?src=hash&amp;ref_src=twsrc%5Etfw\" rel=\"noopener\">#UECL<\/a><\/p>\n<p>&#13;<br \/>\n\u2014 UEFA Europa Conference League (@europacnfleague) <a target=\"_blank\" href=\"https:\/\/twitter.com\/europacnfleague\/status\/1730371776675299499?ref_src=twsrc%5Etfw\" rel=\"noopener\">November 30, 2023<\/a><\/p><\/blockquote>\n<\/div>\n<p>&#13;<br \/>\n\u00a0<\/p>\n<p>\u00a0<\/p>\n<p>&#13;<br \/>\nAbdulkareem Abdulhamid\u00a0<\/p>\n<p>\u00a0<\/p>\n<p>\u00a0<\/p>\n<p>Photo Credit: kaagent.be<\/p>\n<p>\u00a0<\/p>\n<p>&#13;<br \/>\n<strong>Copyright ANS<\/strong><\/p>\n<p>&#13;<br \/>\nAll rights reserved. This material, and other digital content on this website, may not be reproduced, published, rewritten or redistributed in whole or in part without prior express written permission from allnigeriasoccer.com<\/p>\n<\/p><\/div>\n<p><script async src=\"https:\/\/platform.twitter.com\/widgets.js\" charset=\"utf-8\"><\/script><br \/>\n<br \/><br \/>\n<br \/><a href=\"http:\/\/www.allnigeriasoccer.com\/read_news.php?nid=49634\">Source link <\/a><\/p>\n","protected":false},"excerpt":{"rendered":"<p>2023 Super Eagles invitee Gift Orban has been nominated for the UEFA Europa Conference League Goal of the Week for matchday five.\u00a0 &#13; The 21-year-old scored a sumptuous goal in Gent&#8217;s 4-1 victory over Zorya Lugansk at the Ghelamco Arena on Thursday night. &#13; Five minutes before the hour mark in the encounter, the diminutive [&hellip;]<\/p>\n","protected":false},"author":1,"featured_media":4585,"comment_status":"open","ping_status":"open","sticky":false,"template":"","format":"standard","meta":{"footnotes":""},"categories":[32],"tags":[],"class_list":["post-4584","post","type-post","status-publish","format-standard","has-post-thumbnail","hentry","category-news"],"_links":{"self":[{"href":"https:\/\/faca.com.ng\/web\/wp-json\/wp\/v2\/posts\/4584","targetHints":{"allow":["GET"]}}],"collection":[{"href":"https:\/\/faca.com.ng\/web\/wp-json\/wp\/v2\/posts"}],"about":[{"href":"https:\/\/faca.com.ng\/web\/wp-json\/wp\/v2\/types\/post"}],"author":[{"embeddable":true,"href":"https:\/\/faca.com.ng\/web\/wp-json\/wp\/v2\/users\/1"}],"replies":[{"embeddable":true,"href":"https:\/\/faca.com.ng\/web\/wp-json\/wp\/v2\/comments?post=4584"}],"version-history":[{"count":0,"href":"https:\/\/faca.com.ng\/web\/wp-json\/wp\/v2\/posts\/4584\/revisions"}],"wp:featuredmedia":[{"embeddable":true,"href":"https:\/\/faca.com.ng\/web\/wp-json\/wp\/v2\/media\/4585"}],"wp:attachment":[{"href":"https:\/\/faca.com.ng\/web\/wp-json\/wp\/v2\/media?parent=4584"}],"wp:term":[{"taxonomy":"category","embeddable":true,"href":"https:\/\/faca.com.ng\/web\/wp-json\/wp\/v2\/categories?post=4584"},{"taxonomy":"post_tag","embeddable":true,"href":"https:\/\/faca.com.ng\/web\/wp-json\/wp\/v2\/tags?post=4584"}],"curies":[{"name":"wp","href":"https:\/\/api.w.org\/{rel}","templated":true}]}}