{"id":3488,"date":"2023-09-21T12:33:55","date_gmt":"2023-09-21T11:33:55","guid":{"rendered":"https:\/\/faca.com.ng\/web\/2023\/09\/21\/read_news-phpnid48889\/"},"modified":"2023-09-21T12:33:55","modified_gmt":"2023-09-21T11:33:55","slug":"read_news-phpnid48889","status":"publish","type":"post","link":"https:\/\/faca.com.ng\/web\/2023\/09\/21\/read_news-phpnid48889\/","title":{"rendered":"&#8216;He&#8217;ll be an added value for our national team&#8217; &#8211; Peseiro speaks on Chukwueze&#8217;s move to AC Milan:: All Nigeria Soccer"},"content":{"rendered":"<p> <br \/>\n<\/p>\n<div id=\"newsbody\">\n<p>                    <img decoding=\"async\" src=\"http:\/\/www.allnigeriasoccer.com\/..\/football_pics\/26658Chukwueze1.png\" height=\"240\" hspace=\"8\" vspace=\"8\" alt=\"'He'll be an added value for our national team' - Peseiro speaks on Chukwueze's move to AC Milan\" align=\"left\" \/><\/p>\n<p>Nigeria manager Jose Peseiro has underlined that Samuel Chukwueze&#8217;s transfer to Italian powerhouse AC Milan will be beneficial to the Super Eagles.<\/p>\n<p>\u00a0<\/p>\n<p>Chukwueze ended a six-year association with Villarreal in July by putting pen to paper on a five-year contract with the\u00a0Rossoneri.<\/p>\n<p>\u00a0<\/p>\n<p>With all due respect to Villarreal, the Diamond Academy product is now rubbing shoulders with top players such as Isma\u00ebl Bennacer, Ruben Loftus-Cheek, Olivier Giroud, Rafael Le\u00e3o, Christian Pulisic, Th\u00e9o Hernandez and Fikayo\u00a0Tomori at AC Milan.<\/p>\n<p>\u00a0<\/p>\n<p>Peseiro is delighted to see Chukwueze\u00a0join fellow Nigeria internationals\u00a0Maduka Okoye and Isaac Success (Udinese), Tyronne Ebuehi (Empoli), Ademola Lookman (Atalanta), Victor Osimhen (Napoli) and Simeon Tochukwu Nwankwo (Salernitana) in the Serie A.\u00a0<\/p>\n<p>\u00a0<\/p>\n<p>The Portuguese tactician gave minutes to four players based in the Serie A in Nigeria&#8217;s last international against\u00a0S\u00e3o Tom\u00e9 and Pr\u00edncipe and the players accounted for five of the six goals netted by the Super Eagles.\u00a0<\/p>\n<p>\u00a0<\/p>\n<p>&#8220;My goal is to try to win, we have an excellent team, but in a short championship we know that anything can happen. It will not be easy,&#8221; Peseiro said to\u00a0\u00a0<a target=\"_blank\" href=\"https:\/\/www.milannews24.com\/jose-peseiro-dichiarazioni-intervista-parole-chukwueze-milan-nigeria-valore-aggiunto\/\" rel=\"noopener\">Il Mattino via Milan News<\/a>.<\/p>\n<p>\u00a0<\/p>\n<p>&#8220;In Serie A there are many talented Nigerian players. Now Chukwueze has also arrived and he will continue to grow at Milan and will be an added value for our national team too.&#8221;<\/p>\n<p>\u00a0<\/p>\n<p>After four appearances off the bench in the Italian top flight, Chukwueze made his starting debut for AC Milan in their goalless draw with Newcastle United on Tuesday.\u00a0<\/p>\n<p>\u00a0<\/p>\n<p>\u00a0<\/p>\n<p>Ifeanyi Emmanuel\u00a0<\/p>\n<p>\u00a0<\/p>\n<p>\u00a0<\/p>\n<p><strong>Copyright ANS<\/strong><\/p>\n<p>&#13;<br \/>\nAll rights reserved. This material, and other digital content on this website, may not be reproduced, published, rewritten or redistributed in whole or in part without prior express written permission from allnigeriasoccer.com<\/p>\n<\/p><\/div>\n<p><br \/>\n<br \/><a href=\"http:\/\/www.allnigeriasoccer.com\/read_news.php?nid=48889\">Source link <\/a><\/p>\n","protected":false},"excerpt":{"rendered":"<p>Nigeria manager Jose Peseiro has underlined that Samuel Chukwueze&#8217;s transfer to Italian powerhouse AC Milan will be beneficial to the Super Eagles. \u00a0 Chukwueze ended a six-year association with Villarreal in July by putting pen to paper on a five-year contract with the\u00a0Rossoneri. \u00a0 With all due respect to Villarreal, the Diamond Academy product is [&hellip;]<\/p>\n","protected":false},"author":1,"featured_media":3489,"comment_status":"open","ping_status":"open","sticky":false,"template":"","format":"standard","meta":{"footnotes":""},"categories":[32],"tags":[],"class_list":["post-3488","post","type-post","status-publish","format-standard","has-post-thumbnail","hentry","category-news"],"_links":{"self":[{"href":"https:\/\/faca.com.ng\/web\/wp-json\/wp\/v2\/posts\/3488","targetHints":{"allow":["GET"]}}],"collection":[{"href":"https:\/\/faca.com.ng\/web\/wp-json\/wp\/v2\/posts"}],"about":[{"href":"https:\/\/faca.com.ng\/web\/wp-json\/wp\/v2\/types\/post"}],"author":[{"embeddable":true,"href":"https:\/\/faca.com.ng\/web\/wp-json\/wp\/v2\/users\/1"}],"replies":[{"embeddable":true,"href":"https:\/\/faca.com.ng\/web\/wp-json\/wp\/v2\/comments?post=3488"}],"version-history":[{"count":0,"href":"https:\/\/faca.com.ng\/web\/wp-json\/wp\/v2\/posts\/3488\/revisions"}],"wp:featuredmedia":[{"embeddable":true,"href":"https:\/\/faca.com.ng\/web\/wp-json\/wp\/v2\/media\/3489"}],"wp:attachment":[{"href":"https:\/\/faca.com.ng\/web\/wp-json\/wp\/v2\/media?parent=3488"}],"wp:term":[{"taxonomy":"category","embeddable":true,"href":"https:\/\/faca.com.ng\/web\/wp-json\/wp\/v2\/categories?post=3488"},{"taxonomy":"post_tag","embeddable":true,"href":"https:\/\/faca.com.ng\/web\/wp-json\/wp\/v2\/tags?post=3488"}],"curies":[{"name":"wp","href":"https:\/\/api.w.org\/{rel}","templated":true}]}}