{"id":3362,"date":"2023-09-10T04:50:19","date_gmt":"2023-09-10T03:50:19","guid":{"rendered":"https:\/\/faca.com.ng\/web\/2023\/09\/10\/read_news-phpnid48761\/"},"modified":"2023-09-10T04:50:19","modified_gmt":"2023-09-10T03:50:19","slug":"read_news-phpnid48761","status":"publish","type":"post","link":"https:\/\/faca.com.ng\/web\/2023\/09\/10\/read_news-phpnid48761\/","title":{"rendered":"Gift Orban to undergo late fitness test to determine whether he can become cap-tied to Nigeria:: All Nigeria Soccer"},"content":{"rendered":"<p> <br \/>\n<\/p>\n<div id=\"newsbody\">\n<p>                    <img decoding=\"async\" src=\"http:\/\/www.allnigeriasoccer.com\/..\/football_pics\/30740Orban.png\" height=\"211\" hspace=\"8\" vspace=\"8\" alt=\"Gift Orban to undergo late fitness test to determine whether he can become cap-tied to Nigeria\" align=\"left\" \/><\/p>\n<p><strong>Allnigeriasoccer.com<\/strong> understands that free-scoring KAA Gent attacker Gift Orban has emerged as an injury worry for the Super Eagles ahead of Sunday&#8217;s dead rubber 2023 Africa Cup of Nations qualifier against\u00a0S\u00e3o Tom\u00e9 and Pr\u00edncipe\u00a0at the\u00a0Godswill Akpabio International Stadium in Uyo.<\/p>\n<p>&#13;<br \/>\nThe dual national player, who is also eligible to represent Togo through his mother, will undergo a late fitness test to determine whether he can become cap-tied to the three-time African champions tomorrow.<\/p>\n<p>\u00a0<\/p>\n<p>Orban is one of the most exciting young strikers in Europe at the moment, scoring 26 goals in 31 appearances since his move to Gent in the January transfer window.\u00a0<\/p>\n<p>\u00a0<\/p>\n<p>The 21-year-old did not train fully with the rest of the Super Eagles squad in their final workout on Saturday, putting his participation for the matchday six AFCON qualifier in doubt.\u00a0<\/p>\n<p>\u00a0<\/p>\n<p>Orban is experiencing a minor discomfort in the leg and will be assessed on Sunday\u00a0morning to determine his availability for the match.\u00a0<\/p>\n<p>\u00a0<\/p>\n<p>Providing a squad update at the pre-match press conference, Nigeria manager Jose Peseiro\u00a0told reporters: &#8220;Orban complained but I don&#8217;t know if it&#8217;s serious or not. We will check today in the training.&#8221;<\/p>\n<p>\u00a0<\/p>\n<p>If Orban is not passed fit, the Portuguese football tactician is still spoilt\u00a0for choice in the forward line as he can call upon the services of Victor Osimhen, Kelechi Iheanacho, Victor Boniface and Taiwo Awoniyi.<\/p>\n<p>\u00a0<\/p>\n<p>\u00a0<\/p>\n<p>Ifeanyi Emmanuel\u00a0<\/p>\n<p>\u00a0<\/p>\n<p>\u00a0<\/p>\n<p><strong>Copyright ANS<\/strong><\/p>\n<p>&#13;<br \/>\nAll rights reserved. This material, and other digital content on this website, may not be reproduced, published, rewritten or redistributed in whole or in part without prior express written permission from allnigeriasoccer.com<\/p>\n<p>\u00a0<\/p>\n<\/p><\/div>\n<p><br \/>\n<br \/><a href=\"http:\/\/www.allnigeriasoccer.com\/read_news.php?nid=48761\">Source link <\/a><\/p>\n","protected":false},"excerpt":{"rendered":"<p>Allnigeriasoccer.com understands that free-scoring KAA Gent attacker Gift Orban has emerged as an injury worry for the Super Eagles ahead of Sunday&#8217;s dead rubber 2023 Africa Cup of Nations qualifier against\u00a0S\u00e3o Tom\u00e9 and Pr\u00edncipe\u00a0at the\u00a0Godswill Akpabio International Stadium in Uyo. &#13; The dual national player, who is also eligible to represent Togo through his mother, [&hellip;]<\/p>\n","protected":false},"author":1,"featured_media":3363,"comment_status":"open","ping_status":"open","sticky":false,"template":"","format":"standard","meta":{"footnotes":""},"categories":[32],"tags":[],"class_list":["post-3362","post","type-post","status-publish","format-standard","has-post-thumbnail","hentry","category-news"],"_links":{"self":[{"href":"https:\/\/faca.com.ng\/web\/wp-json\/wp\/v2\/posts\/3362","targetHints":{"allow":["GET"]}}],"collection":[{"href":"https:\/\/faca.com.ng\/web\/wp-json\/wp\/v2\/posts"}],"about":[{"href":"https:\/\/faca.com.ng\/web\/wp-json\/wp\/v2\/types\/post"}],"author":[{"embeddable":true,"href":"https:\/\/faca.com.ng\/web\/wp-json\/wp\/v2\/users\/1"}],"replies":[{"embeddable":true,"href":"https:\/\/faca.com.ng\/web\/wp-json\/wp\/v2\/comments?post=3362"}],"version-history":[{"count":0,"href":"https:\/\/faca.com.ng\/web\/wp-json\/wp\/v2\/posts\/3362\/revisions"}],"wp:featuredmedia":[{"embeddable":true,"href":"https:\/\/faca.com.ng\/web\/wp-json\/wp\/v2\/media\/3363"}],"wp:attachment":[{"href":"https:\/\/faca.com.ng\/web\/wp-json\/wp\/v2\/media?parent=3362"}],"wp:term":[{"taxonomy":"category","embeddable":true,"href":"https:\/\/faca.com.ng\/web\/wp-json\/wp\/v2\/categories?post=3362"},{"taxonomy":"post_tag","embeddable":true,"href":"https:\/\/faca.com.ng\/web\/wp-json\/wp\/v2\/tags?post=3362"}],"curies":[{"name":"wp","href":"https:\/\/api.w.org\/{rel}","templated":true}]}}