{"id":3224,"date":"2023-09-02T10:54:21","date_gmt":"2023-09-02T09:54:21","guid":{"rendered":"https:\/\/faca.com.ng\/web\/2023\/09\/02\/read_news-phpnid48657\/"},"modified":"2023-09-02T10:54:21","modified_gmt":"2023-09-02T09:54:21","slug":"read_news-phpnid48657","status":"publish","type":"post","link":"https:\/\/faca.com.ng\/web\/2023\/09\/02\/read_news-phpnid48657\/","title":{"rendered":"Everton manager delivers transfer update on Fulham target Iwobi ahead of deadline day\u00a0:: All Nigeria Soccer"},"content":{"rendered":"<p> <br \/>\n<\/p>\n<div id=\"newsbody\">\n<p>                    <img decoding=\"async\" src=\"http:\/\/www.allnigeriasoccer.com\/..\/football_pics\/60993Iwobi1.png\" height=\"240\" hspace=\"8\" vspace=\"8\" alt=\"Everton manager delivers transfer update on Fulham target Iwobi ahead of deadline day\u00a0\" align=\"left\" \/><\/p>\n<p>Everton manager Sean Dyche has revealed that the Merseyside-based club are open to selling Super Eagles playmaker Alex Iwobi.<\/p>\n<p>\u00a0<\/p>\n<p>Iwobi has been linked with a move away from Goodison Park with news emerging that Fulham want to acquire his services.<\/p>\n<p>\u00a0<\/p>\n<p>The Cottagers&#8217; boss Marco Silva wants a reunion with Iwobi having been in charge of Everton when the Nigeria international arrived from Arsenal in 2019.<\/p>\n<p>&#13;<br \/>\nDyche while addressing the media in his press conference ahead of the Toffees&#8217; Premier League encounter against Sheffield United on Saturday confirmed Iwobi&#8217;s exit links<\/p>\n<p>&#13;<br \/>\nThe English football tactician also revealed that the Hale End Academy product could leave Everton\u00a0before the end of the transfer window due to his contractual situation.<\/p>\n<p>&#13;<br \/>\nIn quotes relayed by <a target=\"_blank\" href=\"https:\/\/www.liverpoolecho.co.uk\/sport\/football\/transfer-news\/everton-transfers-sean-dyche-iwobi-27628000?utm_source=linkCopy&amp;utm_medium=social&amp;utm_campaign=sharebar\" rel=\"noopener\">Liverpool Echo<\/a>, the 52-year-old said: &#8220;There&#8217;s a few circling a few of our players, [Iwobi&#8217;s] one of them.<\/p>\n<p>&#13;<br \/>\n&#8220;The obvious thing that I think has been apparent, though I had to spell it out last week, the club have to look at the business side of it; a player with a year left [on his contract].&#8221;<\/p>\n<p>&#13;<br \/>\n\u00a0The 9-time English champions have offered the Nigerian midfielder a contract extension but he seems to be unwilling to extend his stay at the club.<\/p>\n<p>\u00a0<\/p>\n<p>The \u00a027-year-old is currently injured and missed Everton&#8217;s defeat to Wolverhampton Wanderers last weekend.<\/p>\n<p>\u00a0<\/p>\n<p>He is also set to miss the Super Eagles 2023 Africa Cup of Nations qualifiers&#8217; tie against S\u00e3o Tom\u00e9 and Pr\u00edncipe.<\/p>\n<p>\u00a0<\/p>\n<p>\u00a0<\/p>\n<p>Abdulkareem Abdulhamid<\/p>\n<p>\u00a0<\/p>\n<p>\u00a0<\/p>\n<p>\u00a0<\/p>\n<p><strong>Copyright ANS<\/strong><\/p>\n<p>&#13;<br \/>\nAll rights reserved. This material, and other digital content on this website, may not be reproduced, published, rewritten or redistributed in whole or in part without prior express written permission from allnigeriasoccer.com<\/p>\n<\/p><\/div>\n<p><br \/>\n<br \/><a href=\"http:\/\/www.allnigeriasoccer.com\/read_news.php?nid=48657\">Source link <\/a><\/p>\n","protected":false},"excerpt":{"rendered":"<p>Everton manager Sean Dyche has revealed that the Merseyside-based club are open to selling Super Eagles playmaker Alex Iwobi. \u00a0 Iwobi has been linked with a move away from Goodison Park with news emerging that Fulham want to acquire his services. \u00a0 The Cottagers&#8217; boss Marco Silva wants a reunion with Iwobi having been in [&hellip;]<\/p>\n","protected":false},"author":1,"featured_media":3225,"comment_status":"open","ping_status":"open","sticky":false,"template":"","format":"standard","meta":{"footnotes":""},"categories":[32],"tags":[],"class_list":["post-3224","post","type-post","status-publish","format-standard","has-post-thumbnail","hentry","category-news"],"_links":{"self":[{"href":"https:\/\/faca.com.ng\/web\/wp-json\/wp\/v2\/posts\/3224","targetHints":{"allow":["GET"]}}],"collection":[{"href":"https:\/\/faca.com.ng\/web\/wp-json\/wp\/v2\/posts"}],"about":[{"href":"https:\/\/faca.com.ng\/web\/wp-json\/wp\/v2\/types\/post"}],"author":[{"embeddable":true,"href":"https:\/\/faca.com.ng\/web\/wp-json\/wp\/v2\/users\/1"}],"replies":[{"embeddable":true,"href":"https:\/\/faca.com.ng\/web\/wp-json\/wp\/v2\/comments?post=3224"}],"version-history":[{"count":0,"href":"https:\/\/faca.com.ng\/web\/wp-json\/wp\/v2\/posts\/3224\/revisions"}],"wp:featuredmedia":[{"embeddable":true,"href":"https:\/\/faca.com.ng\/web\/wp-json\/wp\/v2\/media\/3225"}],"wp:attachment":[{"href":"https:\/\/faca.com.ng\/web\/wp-json\/wp\/v2\/media?parent=3224"}],"wp:term":[{"taxonomy":"category","embeddable":true,"href":"https:\/\/faca.com.ng\/web\/wp-json\/wp\/v2\/categories?post=3224"},{"taxonomy":"post_tag","embeddable":true,"href":"https:\/\/faca.com.ng\/web\/wp-json\/wp\/v2\/tags?post=3224"}],"curies":[{"name":"wp","href":"https:\/\/api.w.org\/{rel}","templated":true}]}}