{"id":2755,"date":"2023-08-07T11:45:58","date_gmt":"2023-08-07T10:45:58","guid":{"rendered":"https:\/\/faca.com.ng\/web\/2023\/08\/07\/read_news-phpnid48336\/"},"modified":"2023-08-07T11:45:58","modified_gmt":"2023-08-07T10:45:58","slug":"read_news-phpnid48336","status":"publish","type":"post","link":"https:\/\/faca.com.ng\/web\/2023\/08\/07\/read_news-phpnid48336\/","title":{"rendered":"Golden Eaglets hat-trick hero at 2019 U17 WC wins Danish Superliga Goal of the Month\u00a0:: All Nigeria Soccer"},"content":{"rendered":"<p> <br \/>\n<\/p>\n<div id=\"newsbody\">\n<p>                    <img decoding=\"async\" src=\"http:\/\/www.allnigeriasoccer.com\/..\/football_pics\/69697Said.png\" height=\"202\" hspace=\"8\" vspace=\"8\" alt=\"Golden Eaglets hat-trick hero at 2019 U17 WC wins Danish Superliga Goal of the Month\u00a0\" align=\"left\" \/><\/p>\n<p>Golden Eaglets hat-trick hero at the 2019 Fifa U17 World Cup, Ibrahim Said has won the Danish Superliga Goal of the Month award for his long-range strike against\u00a0Lyngby BK\u00a0<\/p>\n<p>\u00a0<\/p>\n<p>The Nigeria youth teamer\u00a0scored in the 76th minute to salvage a point for Viborg FF in a 2-2 draw against Lyngby BK on matchday two in the division on July 28.\u00a0<\/p>\n<p>\u00a0<\/p>\n<p>Said\u00a0 scored a Goal of the season contender with an unstoppable shot from long range after a clearance by the Lyngby defence fell to him.<\/p>\n<p>\u00a0<\/p>\n<p>The\u00a0Dabo Babes Academy product saw off competition from\u00a0Ernest Nuamah\u00a0(Nordsj\u00e6lland), Cho Gue-Sung\u00a0(FC Midtjylland) and\u00a0Bashkim Kadrii\u00a0(Odense Boldklub) to win the Goal of the Month prize for July 2023.\u00a0<\/p>\n<p>\u00a0<\/p>\n<p>Said has started the season in fine form, registering an assist on the opening match day before getting on the scoresheet versus Lyngby.\u00a0<\/p>\n<p>\u00a0<\/p>\n<p>The 21-year-old was named in the Danish Superliga\u00a0Team of the Round for matchday two but missed out on the Team of the Month.\u00a0<\/p>\n<p>\u00a0<\/p>\n<p>Overall, he has recorded 67 appearances since joining Viborg in October 2020 and has eighteen goal involvements (9 goals, 9 assists) to his name.\u00a0<\/p>\n<p>\u00a0<\/p>\n<p>Said started every single game played by the Golden Eaglets at the 2019 Fifa U17 World Cup and his standout performance came against Ecuador in the group stage, with the winger scoring three goals.\u00a0<\/p>\n<p>\u00a0<\/p>\n<div class=\"embeddedContent oembed-provider- oembed-provider-twitter\" data-align=\"none\" data-oembed=\"https:\/\/twitter.com\/Superligaen\/status\/1686761272216588288\" data-oembed_provider=\"twitter\" data-resizetype=\"noresize\" data-title=\"m\">\n<blockquote class=\"twitter-tweet\"><p>&#13;<\/p>\n<p dir=\"ltr\" lang=\"da\" xml:lang=\"da\">Scorede Ernest Nuamah, Cho Gue-Sung, Bashkim Kadrii eller Ibrahim Said M\u00e5nedens smukkeste m\u00e5l?<\/p>\n<p>Klik dig ind og afgiv din stemme p\u00e5 <a target=\"_blank\" href=\"\" rel=\"noopener\"><\/a> \ud83d\udc47\ud83c\udffb<br \/>&#13;<br \/>\n\ud83d\uddf3\ufe0f <a target=\"_blank\" href=\"https:\/\/t.co\/HZg6ZlCxES\" rel=\"noopener\">https:\/\/t.co\/HZg6ZlCxES<\/a><\/p>\n<p>M\u00e5nedens M\u00e5l pr\u00e6senteres i samarbejde med nye expekt.<a target=\"_blank\" href=\"https:\/\/twitter.com\/hashtag\/sldk?src=hash&amp;ref_src=twsrc%5Etfw\" rel=\"noopener\">#sldk<\/a> | <a target=\"_blank\" href=\"https:\/\/twitter.com\/hashtag\/ditholdvoresliga?src=hash&amp;ref_src=twsrc%5Etfw\" rel=\"noopener\">#ditholdvoresliga<\/a> <a target=\"_blank\" href=\"https:\/\/t.co\/TfDDG0YDgy\" rel=\"noopener\">pic.twitter.com\/TfDDG0YDgy<\/a><\/p>\n<p>&#13;<br \/>\n\u2014 3F Superliga (@Superligaen) <a target=\"_blank\" href=\"https:\/\/twitter.com\/Superligaen\/status\/1686761272216588288?ref_src=twsrc%5Etfw\" rel=\"noopener\">August 2, 2023<\/a><\/p><\/blockquote>\n<\/div>\n<p>\u00a0<\/p>\n<p>\u00a0<\/p>\n<p>Ifeanyi Emmanuel\u00a0<\/p>\n<p>\u00a0<\/p>\n<p>\u00a0<\/p>\n<p><strong>Copyright ANS<\/strong><\/p>\n<p>&#13;<br \/>\nAll rights reserved. This material, and other digital content on this website, may not be reproduced, published, rewritten or redistributed in whole or in part without prior express written permission from allnigeriasoccer.com<\/p>\n<p>\u00a0<\/p>\n<\/p><\/div>\n<p><script async src=\"https:\/\/platform.twitter.com\/widgets.js\" charset=\"utf-8\"><\/script><br \/>\n<br \/><br \/>\n<br \/><a href=\"http:\/\/www.allnigeriasoccer.com\/read_news.php?nid=48336\">Source link <\/a><\/p>\n","protected":false},"excerpt":{"rendered":"<p>Golden Eaglets hat-trick hero at the 2019 Fifa U17 World Cup, Ibrahim Said has won the Danish Superliga Goal of the Month award for his long-range strike against\u00a0Lyngby BK\u00a0 \u00a0 The Nigeria youth teamer\u00a0scored in the 76th minute to salvage a point for Viborg FF in a 2-2 draw against Lyngby BK on matchday two [&hellip;]<\/p>\n","protected":false},"author":1,"featured_media":2756,"comment_status":"open","ping_status":"open","sticky":false,"template":"","format":"standard","meta":{"footnotes":""},"categories":[32],"tags":[],"class_list":["post-2755","post","type-post","status-publish","format-standard","has-post-thumbnail","hentry","category-news"],"_links":{"self":[{"href":"https:\/\/faca.com.ng\/web\/wp-json\/wp\/v2\/posts\/2755","targetHints":{"allow":["GET"]}}],"collection":[{"href":"https:\/\/faca.com.ng\/web\/wp-json\/wp\/v2\/posts"}],"about":[{"href":"https:\/\/faca.com.ng\/web\/wp-json\/wp\/v2\/types\/post"}],"author":[{"embeddable":true,"href":"https:\/\/faca.com.ng\/web\/wp-json\/wp\/v2\/users\/1"}],"replies":[{"embeddable":true,"href":"https:\/\/faca.com.ng\/web\/wp-json\/wp\/v2\/comments?post=2755"}],"version-history":[{"count":0,"href":"https:\/\/faca.com.ng\/web\/wp-json\/wp\/v2\/posts\/2755\/revisions"}],"wp:featuredmedia":[{"embeddable":true,"href":"https:\/\/faca.com.ng\/web\/wp-json\/wp\/v2\/media\/2756"}],"wp:attachment":[{"href":"https:\/\/faca.com.ng\/web\/wp-json\/wp\/v2\/media?parent=2755"}],"wp:term":[{"taxonomy":"category","embeddable":true,"href":"https:\/\/faca.com.ng\/web\/wp-json\/wp\/v2\/categories?post=2755"},{"taxonomy":"post_tag","embeddable":true,"href":"https:\/\/faca.com.ng\/web\/wp-json\/wp\/v2\/tags?post=2755"}],"curies":[{"name":"wp","href":"https:\/\/api.w.org\/{rel}","templated":true}]}}